{"id":6680,"date":"2020-03-29T21:19:11","date_gmt":"2020-03-29T19:19:11","guid":{"rendered":"https:\/\/vchd.cz\/unkategorisiert\/vchd-cargo-und-schutzmasnahmen-bezuglich-der-verbreitung-des-virus-covid-19\/"},"modified":"2020-04-20T13:33:07","modified_gmt":"2020-04-20T11:33:07","slug":"vchd-cargo-und-schutzmasnahmen-bezuglich-der-verbreitung-des-virus-covid-19","status":"publish","type":"post","link":"https:\/\/vchd.cz\/de\/fur-medien\/vchd-cargo-und-schutzmasnahmen-bezuglich-der-verbreitung-des-virus-covid-19\/","title":{"rendered":"VCHD Cargo und Schutzma\u00dfnahmen bez\u00fcglich der Verbreitung des Virus COVID-19"},"content":{"rendered":"<div class=\"wpb-content-wrapper\"><p>[vc_row][vc_column][vc_column_text]<strong>VCHD Cargo: Wir sch\u00fctzen unsere Fahrer \u2013 so sch\u00fctzen wir uns alle<\/strong><\/p>\n<p><strong>Das tschechische Transportunternehmen VCHD Cargo macht seine Schutzma\u00dfnahmen bez\u00fcglich der Verbreitung des Virus COVID-19 bekannt. Seit nahezu zwei Monaten leitet die Firma eine Reihe von Regeln f\u00fcr den Schutz eigener Mitarbeiter, insbesondere Fahrer, ein. Bisher investierte sie in den Kampf gegen das Coronavirus mehr als 8.000 EUR.<\/strong><\/p>\n<p>\u201eMeiner Meinung nach zeigt diese angespannte Zeit, wie wichtig die Logistik ist,\u201c sagt Ing. Petr Kozel, Vorstandsvorsitzender der VCHD Cargo a.s. und f\u00fcgt hinzu: \u201eUnsere Fahrer stehen n\u00e4mlich als zweite Berufsgruppe in der Frontlinie im Kampf gegen den Kollaps unserer Gesellschaft \u2013 gleich hinter den \u00c4rzten, Pflegekr\u00e4ften, der Feuerwehr, der Polizei und dem Milit\u00e4r. Unsere Leute legen t\u00e4glich hunderte von Kilometern quer durch Europa zur\u00fcck und begeben sich auch in gef\u00e4hrliche Risikogebiete. Sie sorgen daf\u00fcr, dass alle Superm\u00e4rkte, Apotheken, Drogeriem\u00e4rkte, aber auch derzeit sehr gefragte E-shops beliefert werden. Sie sind dem Kontakt mit unbekannten Menschen auf der Reise, bei Be- und Entladung ausgesetzt. Wenn wir sie sch\u00fctzen, sch\u00fctzen wir uns alle! Wir ergreifen solche Ma\u00dfnahmen, die das Infizierungsrisiko minimieren, und hindern dadurch weitere Verbreitung des Virus.\u201c<\/p>\n<p>\u201eWir sind besorgt wegen langsamen Reaktionen auf die Situation und gewisser Ignoranz in einigen europ\u00e4ischen L\u00e4ndern. Erst mit dem rasanten Anstieg der Anzahl von infizierten Menschen bessert sich auch das Verhalten. Unsere Fahrer beobachten dann gegens\u00e4tzliche Extremreaktionen auf die Krisensituation,\u201c so Petr Kozel und gibt Beispiele: \u201eAuf einer Seite sind es volle Raucherecken mit 5-10 Rauchern gleichzeitig. Auf der anderen Seite isolieren sich einige unserer Kunden von der Au\u00dfenwelt, indem sie den Fahrern jeglichen Zutritt in Ihre R\u00e4umlichkeiten, sogar Kantinen, Duschen und WC verweigern. Das erschwert nicht nur unseren Fahrern die Arbeit. Dennoch erbringen unsere Fahrer eine gro\u00dfartige Leistung und wir sind sehr dankbar daf\u00fcr! Und nicht nur deswegen wollen wir sie sch\u00fctzen.\u201c<\/p>\n<p>VCHD Cargo kaufte bis zum heutigen Tag Schutzmittel f\u00fcr ihre Fahrer und Administrationsmitarbeiter f\u00fcr mehr als 4.000 EUR ein. Darunter sind hunderte von Mundschutzmasken, Respiratoren, Einweghandschuhe und Desinfektionsmittel f\u00fcr die Hygiene w\u00e4hrend der Arbeit. Die Firma investierte auch in Ozon-Generatoren, die ganz effektiv alle Viren und Bakterien in allen Fahrzeugen aber auch in den B\u00fcros vernichten. Au\u00dferdem f\u00fchrte das Unternehmen strenge interne Richtlinien f\u00fcr hygienisches Verhalten in den Fahrzeugen und in allen Niederlassungen ein.<\/p>\n<p>\u201eGesundheitsschutz ist f\u00fcr uns derzeit die Priorit\u00e4t Nummer eins, wir respektieren v\u00f6llig die Anordnungen der tschechischen Regierung und schaffen eigene, sehr strikte Mechanismen im Kampf gegen die Verbreitung des COVID-19. \u201eIch glaube, dass wenn wir uns alle \u2013 Frachtf\u00fchrer, Kunden und Konsumenten &#8211; verantwortungsvoll verhalten werden, wird es uns gemeinsam gelingen, diese anstrengende Krisenzeit gut zu \u00fcberstehen,\u201c schlie\u00dft Petr Kozel ab.[\/vc_column_text][\/vc_column][\/vc_row]<\/p>\n<\/div>","protected":false},"excerpt":{"rendered":"<p>[vc_row][vc_column][vc_column_text]VCHD Cargo: Wir sch\u00fctzen unsere Fahrer \u2013 so sch\u00fctzen wir uns alle Das tschechische Transportunternehmen VCHD Cargo macht seine Schutzma\u00dfnahmen bez\u00fcglich der Verbreitung des Virus COVID-19 bekannt. Seit nahezu zwei Monaten leitet die Firma eine Reihe von Regeln f\u00fcr den Schutz eigener Mitarbeiter, insbesondere Fahrer, ein. Bisher investierte sie in den Kampf gegen das Coronavirus &hellip; <a href=\"https:\/\/vchd.cz\/de\/fur-medien\/vchd-cargo-und-schutzmasnahmen-bezuglich-der-verbreitung-des-virus-covid-19\/\" class=\"more-link\">Continue reading <span class=\"screen-reader-text\">VCHD Cargo und Schutzma\u00dfnahmen bez\u00fcglich der Verbreitung des Virus COVID-19<\/span><\/a><\/p>\n","protected":false},"author":3,"featured_media":0,"comment_status":"closed","ping_status":"closed","sticky":false,"template":"","format":"standard","meta":{"footnotes":""},"categories":[54,43],"tags":[],"class_list":["post-6680","post","type-post","status-publish","format-standard","hentry","category-fur-medien","category-pro-media"],"_links":{"self":[{"href":"https:\/\/vchd.cz\/de\/wp-json\/wp\/v2\/posts\/6680","targetHints":{"allow":["GET"]}}],"collection":[{"href":"https:\/\/vchd.cz\/de\/wp-json\/wp\/v2\/posts"}],"about":[{"href":"https:\/\/vchd.cz\/de\/wp-json\/wp\/v2\/types\/post"}],"author":[{"embeddable":true,"href":"https:\/\/vchd.cz\/de\/wp-json\/wp\/v2\/users\/3"}],"replies":[{"embeddable":true,"href":"https:\/\/vchd.cz\/de\/wp-json\/wp\/v2\/comments?post=6680"}],"version-history":[{"count":0,"href":"https:\/\/vchd.cz\/de\/wp-json\/wp\/v2\/posts\/6680\/revisions"}],"wp:attachment":[{"href":"https:\/\/vchd.cz\/de\/wp-json\/wp\/v2\/media?parent=6680"}],"wp:term":[{"taxonomy":"category","embeddable":true,"href":"https:\/\/vchd.cz\/de\/wp-json\/wp\/v2\/categories?post=6680"},{"taxonomy":"post_tag","embeddable":true,"href":"https:\/\/vchd.cz\/de\/wp-json\/wp\/v2\/tags?post=6680"}],"curies":[{"name":"wp","href":"https:\/\/api.w.org\/{rel}","templated":true}]}}