{"id":6888,"date":"2020-07-07T11:46:27","date_gmt":"2020-07-07T09:46:27","guid":{"rendered":"https:\/\/vchd.cz\/unkategorisiert\/vchd-cargo-investiert-sie-erwarb-mercedes-der-funften-generation-2\/"},"modified":"2020-07-13T13:13:57","modified_gmt":"2020-07-13T11:13:57","slug":"vchd-cargo-investiert-sie-erwarb-mercedes-der-funften-generation-2","status":"publish","type":"post","link":"https:\/\/vchd.cz\/de\/neuheiten\/vchd-cargo-investiert-sie-erwarb-mercedes-der-funften-generation-2\/","title":{"rendered":"VCHD Cargo investiert &#8211; sie erwarb Mercedes der f\u00fcnften Generation"},"content":{"rendered":"<div class=\"wpb-content-wrapper\"><p>[vc_row][vc_column][vc_column_text]<span lang=\"DE\">Diese Fahrzeuge der f\u00fcnften Generation, die \u00fcber eine digitale Schnittstelle zwischen Fahrzeug und Fahrer, die M\u00f6glichkeit eines teilweise autonomen Fahrens und modernste Sicherheitssysteme verf\u00fcgen, haben in diesem Jahr den Internationalen Truck of the Year 2020 Award gewonnen. Die Investition der VCHD Cargo in diese Fahrzeuge bel\u00e4uft sich auf mehr als 500 000 EUR und das Unternehmen beabsichtigt, bis Ende des Jahres weitere 15 Fahrzeuge derselben Marke zu kaufen.\u00a0<\/span><\/p>\n<p>Weitere Informationen finden Sie in unserer <strong><a href=\"https:\/\/www.vchd.cz\/de\/fur-medien\/vchd-cargo-investiert-sie-erwarb-mercedes-der-funften-generation\/\">Pressemitteilung.<\/a><\/strong>[\/vc_column_text][vc_gallery interval=&#8220;5&#8243; images=&#8220;6946,6942,6939,6848,6936&#8243; img_size=&#8220;large&#8220;][\/vc_column][\/vc_row]<\/p>\n<\/div>","protected":false},"excerpt":{"rendered":"<p>[vc_row][vc_column][vc_column_text]Diese Fahrzeuge der f\u00fcnften Generation, die \u00fcber eine digitale Schnittstelle zwischen Fahrzeug und Fahrer, die M\u00f6glichkeit eines teilweise autonomen Fahrens und modernste Sicherheitssysteme verf\u00fcgen, haben in diesem Jahr den Internationalen Truck of the Year 2020 Award gewonnen. Die Investition der VCHD Cargo in diese Fahrzeuge bel\u00e4uft sich auf mehr als 500 000 EUR und das &hellip; <a href=\"https:\/\/vchd.cz\/de\/neuheiten\/vchd-cargo-investiert-sie-erwarb-mercedes-der-funften-generation-2\/\" class=\"more-link\">Continue reading <span class=\"screen-reader-text\">VCHD Cargo investiert &#8211; sie erwarb Mercedes der f\u00fcnften Generation<\/span><\/a><\/p>\n","protected":false},"author":3,"featured_media":6842,"comment_status":"closed","ping_status":"closed","sticky":false,"template":"","format":"status","meta":{"footnotes":""},"categories":[56],"tags":[],"class_list":["post-6888","post","type-post","status-publish","format-status","has-post-thumbnail","hentry","category-neuheiten","post_format-post-format-status"],"_links":{"self":[{"href":"https:\/\/vchd.cz\/de\/wp-json\/wp\/v2\/posts\/6888","targetHints":{"allow":["GET"]}}],"collection":[{"href":"https:\/\/vchd.cz\/de\/wp-json\/wp\/v2\/posts"}],"about":[{"href":"https:\/\/vchd.cz\/de\/wp-json\/wp\/v2\/types\/post"}],"author":[{"embeddable":true,"href":"https:\/\/vchd.cz\/de\/wp-json\/wp\/v2\/users\/3"}],"replies":[{"embeddable":true,"href":"https:\/\/vchd.cz\/de\/wp-json\/wp\/v2\/comments?post=6888"}],"version-history":[{"count":0,"href":"https:\/\/vchd.cz\/de\/wp-json\/wp\/v2\/posts\/6888\/revisions"}],"wp:featuredmedia":[{"embeddable":true,"href":"https:\/\/vchd.cz\/de\/wp-json\/wp\/v2\/media\/6842"}],"wp:attachment":[{"href":"https:\/\/vchd.cz\/de\/wp-json\/wp\/v2\/media?parent=6888"}],"wp:term":[{"taxonomy":"category","embeddable":true,"href":"https:\/\/vchd.cz\/de\/wp-json\/wp\/v2\/categories?post=6888"},{"taxonomy":"post_tag","embeddable":true,"href":"https:\/\/vchd.cz\/de\/wp-json\/wp\/v2\/tags?post=6888"}],"curies":[{"name":"wp","href":"https:\/\/api.w.org\/{rel}","templated":true}]}}