{"id":7568,"date":"2020-12-11T10:52:59","date_gmt":"2020-12-11T09:52:59","guid":{"rendered":"https:\/\/vchd.cz\/unkategorisiert\/fur-bessere-zeiten-mit-personal-verstarkt\/"},"modified":"2020-12-11T11:08:34","modified_gmt":"2020-12-11T10:08:34","slug":"fur-bessere-zeiten-mit-personal-verstarkt","status":"publish","type":"post","link":"https:\/\/vchd.cz\/de\/neuheiten\/fur-bessere-zeiten-mit-personal-verstarkt\/","title":{"rendered":"F\u00fcr bessere Zeiten mit Personal verst\u00e4rkt"},"content":{"rendered":"<p><strong>Jede Rezession wird fr\u00fcher oder sp\u00e4ter nachlassen und die Wachstumsphase wird wieder kommen. Und es ist gut, sich darauf vorzubereiten, damit das Unternehmen schnell auf die erneute Nachfrage reagieren kann. Dies ist die Strategie, die VCHD Cargo anbahnt und in diesem Jahr hat sie trotz der Coronavirus-Krise ihre Mitarbeiter in strategischen Positionen verst\u00e4rkt.<\/strong><\/p>\n<p>&#8222;Wir glauben, dass jetzt der richtige Zeitpunkt ist, um das Unternehmen auf zuk\u00fcnftiges Wachstum vorzubereiten&#8220;, sagt Ing. Petr Kozel, Vorstandsvorsitzender von VCHD Cargo a.s., und erkl\u00e4rt: &#8222;Deshalb haben wir uns in diesem Jahr gest\u00e4rkt, insbesondere dort, wo es f\u00fcr uns am wichtigsten ist &#8211; im Bereich des strategischen Gesch\u00e4fts und in Niederlassungen.&#8220;<\/p>\n<p>Die Handelsabteilung wurde durch den erfahrenen Martin Hustoles erweitert, der die Position des Business Development Managers in einer sehr schwierigen Zeit \u00fcbernahm. Grundlage der Arbeit der Handelsabteilung waren immer pers\u00f6nliche Kontakte, Besuche und Besprechungen, die in diesem Jahr seit mehreren Monaten nicht mehr m\u00f6glich waren. Die derzeitige Covid-\u00c4ra w\u00fcnscht einfach einen eher kontaktlosen Handel. &#8222;Trotzdem erfolgte das Onboarding von Martin Hustoles sehr schnell und sein Wissen tr\u00e4gt bereits jetzt zu neuen Gesch\u00e4ftsm\u00f6glichkeiten bei&#8220;, kommentiert Petr Kozel.<\/p>\n<p>Ein weiterer neuer und sehr erfahrener Logistikexperte bei VCHD Cargo ist Tade\u00e1\u0161 Kos, der die Leitung der Niederlassung in Brno \u00fcbernommen hat. Wie er selbst sagt: \u201eVCHD Cargo ist f\u00fcr mich eine gro\u00dfe Herausforderung und ich sehe bei dieser neuen Gelegenheit eine gro\u00dfe Chance f\u00fcr weiteres Wachstum. Dar\u00fcber hinaus bin ich fest davon \u00fcberzeugt, dass meine Erfahrung aus internationalen Projekten dem Familienunternehmen VCHD Cargo helfen kann, ein stabiler und gefragter Partner auf dem europ\u00e4ischen Markt zu sein.\u201c Br\u00fcnn ist derzeit das Logistikzentrum f\u00fcr M\u00e4hren und Tade\u00e1\u0161 Kos wird in seiner neuen Position nicht nur f\u00fcr die Entwicklung der anvertrauten Niederlassung in dieser Region verantwortlich sein, sondern durch ihre strategischen Lage auch f\u00fcr die Gesch\u00e4ftsaktivit\u00e4ten des Unternehmens in ganz M\u00e4hren und der Slowakei.<\/p>\n<p>Ein weiterer zweifellos wichtiger Schritt in der Geschichte von VCHD Cargo ist die Er\u00f6ffnung einer neuen Niederlassung in Budweis, die von der Logistikmanagerin Petra R\u016f\u017ei\u010dkov\u00e1 geleitet wird. Die Niederlassung wird sich nicht nur auf das Gebiet S\u00fcdb\u00f6hmen konzentrieren, sondern auch eine Reihe von VCHD Cargo-Kunden aus \u00d6sterreich und Bayern bedienen. Dank ihrer fr\u00fcheren beruflichen Laufbahn in diesem Bereich verf\u00fcgt Petra R\u016f\u017ei\u010dkov\u00e1 \u00fcber langj\u00e4hrige Erfahrung und \u00fcber gute Kenntnisse in dieser Grenzregion.<\/p>\n","protected":false},"excerpt":{"rendered":"<p>Jede Rezession wird fr\u00fcher oder sp\u00e4ter nachlassen und die Wachstumsphase wird wieder kommen. Und es ist gut, sich darauf vorzubereiten, damit das Unternehmen schnell auf die erneute Nachfrage reagieren kann. Dies ist die Strategie, die VCHD Cargo anbahnt und in diesem Jahr hat sie trotz der Coronavirus-Krise ihre Mitarbeiter in strategischen Positionen verst\u00e4rkt. &#8222;Wir glauben, &hellip; <a href=\"https:\/\/vchd.cz\/de\/neuheiten\/fur-bessere-zeiten-mit-personal-verstarkt\/\" class=\"more-link\">Continue reading <span class=\"screen-reader-text\">F\u00fcr bessere Zeiten mit Personal verst\u00e4rkt<\/span><\/a><\/p>\n","protected":false},"author":3,"featured_media":7552,"comment_status":"closed","ping_status":"closed","sticky":false,"template":"","format":"standard","meta":{"footnotes":""},"categories":[56],"tags":[],"class_list":["post-7568","post","type-post","status-publish","format-standard","has-post-thumbnail","hentry","category-neuheiten"],"_links":{"self":[{"href":"https:\/\/vchd.cz\/de\/wp-json\/wp\/v2\/posts\/7568","targetHints":{"allow":["GET"]}}],"collection":[{"href":"https:\/\/vchd.cz\/de\/wp-json\/wp\/v2\/posts"}],"about":[{"href":"https:\/\/vchd.cz\/de\/wp-json\/wp\/v2\/types\/post"}],"author":[{"embeddable":true,"href":"https:\/\/vchd.cz\/de\/wp-json\/wp\/v2\/users\/3"}],"replies":[{"embeddable":true,"href":"https:\/\/vchd.cz\/de\/wp-json\/wp\/v2\/comments?post=7568"}],"version-history":[{"count":0,"href":"https:\/\/vchd.cz\/de\/wp-json\/wp\/v2\/posts\/7568\/revisions"}],"wp:featuredmedia":[{"embeddable":true,"href":"https:\/\/vchd.cz\/de\/wp-json\/wp\/v2\/media\/7552"}],"wp:attachment":[{"href":"https:\/\/vchd.cz\/de\/wp-json\/wp\/v2\/media?parent=7568"}],"wp:term":[{"taxonomy":"category","embeddable":true,"href":"https:\/\/vchd.cz\/de\/wp-json\/wp\/v2\/categories?post=7568"},{"taxonomy":"post_tag","embeddable":true,"href":"https:\/\/vchd.cz\/de\/wp-json\/wp\/v2\/tags?post=7568"}],"curies":[{"name":"wp","href":"https:\/\/api.w.org\/{rel}","templated":true}]}}