{"id":8394,"date":"2022-12-08T13:22:31","date_gmt":"2022-12-08T12:22:31","guid":{"rendered":"https:\/\/vchd.cz\/unkategorisiert\/vchd-cargo-feierte-sein-25-jahriges-bestehen-mit-seinen-mitarbeitern\/"},"modified":"2022-12-08T13:22:58","modified_gmt":"2022-12-08T12:22:58","slug":"vchd-cargo-feierte-sein-25-jahriges-bestehen-mit-seinen-mitarbeitern","status":"publish","type":"post","link":"https:\/\/vchd.cz\/de\/neuheiten\/vchd-cargo-feierte-sein-25-jahriges-bestehen-mit-seinen-mitarbeitern\/","title":{"rendered":"VCHD Cargo feierte sein 25-j\u00e4hriges Bestehen mit seinen Mitarbeitern"},"content":{"rendered":"<div class=\"wpb-content-wrapper\"><p>[vc_row][vc_column][vc_column_text]<br \/>\nVCHD Cargo hat sich von einem kleinen Transportunternehmen zu einem starken Speditionsunternehmen entwickelt, das \u00fcber eine eigene, hochmoderne LKW-Flotte verf\u00fcgt und fast 450 Mitarbeiter in der Tschechischen Republik und im Ausland besch\u00e4ftigt. Gemeinsam feierten sie ihr Vierteljahrhundert mit einem einzigartigen Treffen am Hauptsitz des Unternehmens in Kladno. Zum ersten Mal konnten sich Mitarbeiter aus der Tschechischen Republik mit Kollegen des deutschen Unternehmens V\u00f6lker Logistik, das VCHD Cargo im vergangenen Jahr \u00fcbernommen hat, treffen und in angenehmer, informeller Atmosph\u00e4re Erfahrungen aus dem tschechischen und deutschen Markt austauschen.<br \/>\n[\/vc_column_text][vc_media_grid grid_id=&#8220;vc_gid:1666679841988-0e55db44-509f-2&#8243; include=&#8220;8335,8338,8341&#8243;][\/vc_column][\/vc_row]<\/p>\n<\/div>","protected":false},"excerpt":{"rendered":"<p>[vc_row][vc_column][vc_column_text] VCHD Cargo hat sich von einem kleinen Transportunternehmen zu einem starken Speditionsunternehmen entwickelt, das \u00fcber eine eigene, hochmoderne LKW-Flotte verf\u00fcgt und fast 450 Mitarbeiter in der Tschechischen Republik und im Ausland besch\u00e4ftigt. Gemeinsam feierten sie ihr Vierteljahrhundert mit einem einzigartigen Treffen am Hauptsitz des Unternehmens in Kladno. Zum ersten Mal konnten sich Mitarbeiter aus &hellip; <a href=\"https:\/\/vchd.cz\/de\/neuheiten\/vchd-cargo-feierte-sein-25-jahriges-bestehen-mit-seinen-mitarbeitern\/\" class=\"more-link\">Continue reading <span class=\"screen-reader-text\">VCHD Cargo feierte sein 25-j\u00e4hriges Bestehen mit seinen Mitarbeitern<\/span><\/a><\/p>\n","protected":false},"author":3,"featured_media":8396,"comment_status":"closed","ping_status":"closed","sticky":false,"template":"","format":"standard","meta":{"footnotes":""},"categories":[56],"tags":[],"class_list":["post-8394","post","type-post","status-publish","format-standard","has-post-thumbnail","hentry","category-neuheiten"],"_links":{"self":[{"href":"https:\/\/vchd.cz\/de\/wp-json\/wp\/v2\/posts\/8394","targetHints":{"allow":["GET"]}}],"collection":[{"href":"https:\/\/vchd.cz\/de\/wp-json\/wp\/v2\/posts"}],"about":[{"href":"https:\/\/vchd.cz\/de\/wp-json\/wp\/v2\/types\/post"}],"author":[{"embeddable":true,"href":"https:\/\/vchd.cz\/de\/wp-json\/wp\/v2\/users\/3"}],"replies":[{"embeddable":true,"href":"https:\/\/vchd.cz\/de\/wp-json\/wp\/v2\/comments?post=8394"}],"version-history":[{"count":0,"href":"https:\/\/vchd.cz\/de\/wp-json\/wp\/v2\/posts\/8394\/revisions"}],"wp:featuredmedia":[{"embeddable":true,"href":"https:\/\/vchd.cz\/de\/wp-json\/wp\/v2\/media\/8396"}],"wp:attachment":[{"href":"https:\/\/vchd.cz\/de\/wp-json\/wp\/v2\/media?parent=8394"}],"wp:term":[{"taxonomy":"category","embeddable":true,"href":"https:\/\/vchd.cz\/de\/wp-json\/wp\/v2\/categories?post=8394"},{"taxonomy":"post_tag","embeddable":true,"href":"https:\/\/vchd.cz\/de\/wp-json\/wp\/v2\/tags?post=8394"}],"curies":[{"name":"wp","href":"https:\/\/api.w.org\/{rel}","templated":true}]}}