{"id":8849,"date":"2023-08-29T12:57:52","date_gmt":"2023-08-29T10:57:52","guid":{"rendered":"https:\/\/vchd.cz\/unkategorisiert\/vchd-cargo-gmbh-gibt-sitzverlegung-bekannt\/"},"modified":"2023-08-29T12:57:52","modified_gmt":"2023-08-29T10:57:52","slug":"vchd-cargo-gmbh-gibt-sitzverlegung-bekannt","status":"publish","type":"post","link":"https:\/\/vchd.cz\/de\/fur-medien\/vchd-cargo-gmbh-gibt-sitzverlegung-bekannt\/","title":{"rendered":"VCHD Cargo GmbH gibt Sitzverlegung bekannt"},"content":{"rendered":"<div class=\"wpb-content-wrapper\"><p>[vc_row tm_bgimagefixed=&#8220;&#8220;][vc_column]<div class=\"tm-element-heading-wrapper tm-heading-inner tm-element-align-left tm-seperator-solid tm-heading-style-vertical   wpb_animate_when_almost_visible wpb_fadeInLeft fadeInLeft\"><section class=\"tm-vc_cta3-container\"><div class=\"tm-vc_general tm-vc_cta3 tm-cta3-only tm-vc_cta3-style-classic tm-vc_cta3-shape-rounded tm-vc_cta3-align-left tm-vc_cta3-color-transparent tm-vc_cta3-icon-size-md tm-vc_cta3-actions-no tm-cta3-with-desc\"><div class=\"tm-vc_cta3_content-container\"><div class=\"tm-vc_cta3-content\"><header class=\"tm-vc_cta3-content-header tm-wrap\"><div class=\"tm-vc_cta3-headers tm-wrap-cell\"><h2 class=\"tm-custom-heading \" >VCHD Cargo GmbH gibt Sitzverlegung bekannt<\/h2>\n<\/div><\/header><div class=\"tm-cta3-content-wrapper\">\n<p><strong>Die VCHD Cargo GmbH hat die strategische Entscheidung getroffen, ihren Sitz von Radeburg nach Alsfeld in Hessen zu verlegen. Gr\u00fcnde daf\u00fcr sind die verkehrsg\u00fcnstige Lage an der A5 an den Knotenpunkten der internationalen Routen sowie die N\u00e4he zur Tochtergesellschaft V\u00f6lker Logistik, die bereits seit 18 Jahren in Alsfeld t\u00e4tig ist.<\/strong><\/p>\n<p>&#8222;Der Umzug der VCHD Cargo GmbH in die Mitte Deutschlands gibt uns und unseren Kunden mehr Flexibilit\u00e4t und Raum f\u00fcr weitere Optimierungen&#8220;, so Ing. Petr Kozel, Gesch\u00e4ftsf\u00fchrer der VCHD Cargo GmbH. Petr Kozel, CEO und Gesch\u00e4ftsf\u00fchrer der VCHD Cargo Group, erg\u00e4nzt: &#8222;Wir werden uns in Alsfeld die Fl\u00e4chen mit unserer Tochter V\u00f6lker Logistik teilen und k\u00f6nnen so deren Integration in unsere Prozesse noch schneller abschlie\u00dfen.&#8220;<\/p>\n<p>Das mittelhessische Alsfeld hat durch seine Lage an der A5 eine gute Anbindung an das gesamte deutsche Autobahnnetz. Die VCHD Cargo Group hat hier 2021 die V\u00f6lker Logistik durch Akquisition \u00fcbernommen und integriert sie schrittweise in ihr Netzwerk. Durch den Umzug der VCHD Cargo GmbH ergeben sich personelle und prozessuale Synergien, von denen die Mitarbeiter und Kunden des Unternehmens profitieren.<\/p>\n<p><\/div><\/div><\/div><\/div><\/section><\/div> <!-- .tm-element-heading-wrapper container --> [vc_separator style=&#8220;dashed&#8220; css=&#8220;.vc_custom_1595837385903{padding-top: 5px !important;}&#8220;][\/vc_column][\/vc_row]<\/p>\n<\/div>","protected":false},"excerpt":{"rendered":"<p>[vc_row tm_bgimagefixed=&#8220;&#8220;][vc_column][vc_separator style=&#8220;dashed&#8220; css=&#8220;.vc_custom_1595837385903{padding-top: 5px !important;}&#8220;][\/vc_column][\/vc_row]<\/p>\n","protected":false},"author":10,"featured_media":8842,"comment_status":"closed","ping_status":"closed","sticky":false,"template":"","format":"standard","meta":{"footnotes":""},"categories":[54,56],"tags":[],"class_list":["post-8849","post","type-post","status-publish","format-standard","has-post-thumbnail","hentry","category-fur-medien","category-neuheiten"],"_links":{"self":[{"href":"https:\/\/vchd.cz\/de\/wp-json\/wp\/v2\/posts\/8849","targetHints":{"allow":["GET"]}}],"collection":[{"href":"https:\/\/vchd.cz\/de\/wp-json\/wp\/v2\/posts"}],"about":[{"href":"https:\/\/vchd.cz\/de\/wp-json\/wp\/v2\/types\/post"}],"author":[{"embeddable":true,"href":"https:\/\/vchd.cz\/de\/wp-json\/wp\/v2\/users\/10"}],"replies":[{"embeddable":true,"href":"https:\/\/vchd.cz\/de\/wp-json\/wp\/v2\/comments?post=8849"}],"version-history":[{"count":0,"href":"https:\/\/vchd.cz\/de\/wp-json\/wp\/v2\/posts\/8849\/revisions"}],"wp:featuredmedia":[{"embeddable":true,"href":"https:\/\/vchd.cz\/de\/wp-json\/wp\/v2\/media\/8842"}],"wp:attachment":[{"href":"https:\/\/vchd.cz\/de\/wp-json\/wp\/v2\/media?parent=8849"}],"wp:term":[{"taxonomy":"category","embeddable":true,"href":"https:\/\/vchd.cz\/de\/wp-json\/wp\/v2\/categories?post=8849"},{"taxonomy":"post_tag","embeddable":true,"href":"https:\/\/vchd.cz\/de\/wp-json\/wp\/v2\/tags?post=8849"}],"curies":[{"name":"wp","href":"https:\/\/api.w.org\/{rel}","templated":true}]}}